{"id":6083,"date":"2013-08-30T19:37:29","date_gmt":"2013-08-30T18:37:29","guid":{"rendered":"http:\/\/www.lironjeremy.com\/lespasperdus\/?p=6083"},"modified":"2013-08-30T19:41:31","modified_gmt":"2013-08-30T18:41:31","slug":"lettre-a-b","status":"publish","type":"post","link":"https:\/\/www.lironjeremy.com\/lespasperdus\/lettre-a-b\/","title":{"rendered":"Lettre \u00e0 B."},"content":{"rendered":"<p>Pensant \u00e0 vous, j\u2019en suis venu \u00e0 me questionner un peu plus sur les capacit\u00e9s d\u2019une image. Je voulais une image qui fasse du bien sans bien savoir quoi tout \u00e0 fait. Comme je vous l\u2019ai dit : que ce soit comme ces sorts qu\u2019envoyait Artaud, charg\u00e9s d\u2019intentions magiques. Bien s\u00fbr, il y a quantit\u00e9 d\u2019images qui nous apportent de diff\u00e9rentes mani\u00e8res : par ce qu\u2019elles excitent d\u2019imagination, de pens\u00e9es, parce qu\u2019elles caressent les sens ou chargent d\u2019une mani\u00e8re particuli\u00e8re notre fa\u00e7on d\u2019aborder le monde par leur influence. Mais \u00e7a ne solutionne rien, la question m\u2019arrive toute neuve : comment pourrais-je faire une image qui soit un outil pratique ? <!--more-->Disons, comme l\u2019est un m\u00e9dicament. Il va de soit qu\u2019il est peu question du sujet ; il ne s\u2019agit pas de repr\u00e9senter quelque chose qui \u00e9voque le bien \u00eatre, tout doit passer dans la mani\u00e8re, les qualit\u00e9s propres de l\u2019image. Elle pourrait \u00eatre comme ces formes simples, souples des galets ronds qui soutiennent tendrement le regard et s\u2019offrent \u00e0 la paume de la main comme un compl\u00e9ment rassurant au creux qui la creuse. Une image \u00e0 laquelle on puisse reposer sa nuque et puiser un peu d\u2019\u00e9nergie. Vivifiante sans brusquer. Et l\u00e0 il n\u2019est pas question de saturer de couleurs tonitruantes ou jouant la gait\u00e9 de carnaval, il y a une intensit\u00e9 plus profonde dans les demi-teintes bien assorties que dans la plupart des d\u00e9corations festives. Oui, il pourrait y avoir quelque chose des peintures de Rothko avec ses \u00e9manations feutr\u00e9es et puissantes. Je comprends mieux, je crois, les mots de Matisse : un tableau comme un fauteuil, un l\u00e9nifiant pour apaiser l\u2019homme qui rentre apr\u00e8s une journ\u00e9e de travail. Peut-\u00eatre faut-il d\u2019abord apaiser le corps comme on se rend \u00e0 la forme d\u2019un bon fauteuil et, le repos acquis, parvenir \u00e0 infuser quelque chose qui permette de renouer avec soi-m\u00eame, relancer la curiosit\u00e9 au monde ? Que le galet ait une asp\u00e9rit\u00e9 discr\u00e8te qui finisse par prendre forme en soi apr\u00e8s s\u2019\u00eatre r\u00e9v\u00e9l\u00e9e sous la pulpe des doigts. Et par le baroque de cette perle se laisser basculer dans un univers de plis qui complique l\u2019\u00e9panchement. L\u2019image comme une forme calme et polie, patin\u00e9e, mais creus\u00e9e quelque part \u2013 peut-\u00eatre une trace, un signe qui s\u2019esquisse tout en \u00e9chappant \u00e0 la clart\u00e9 lisible. Si l\u2019ensemble est de l\u2019ordre de l\u2019harmonie, de l\u2019abstrait dans ce que \u00e7a induit de plus soustrait \u00e0 l\u2019apesanteur, que quelque chose rapproche de l\u2019anecdote, ram\u00e8ne \u00e0 la r\u00e9alit\u00e9 comme un objet qui tombe alors qu\u2019on r\u00eave vaguement. Que ce bruit dans l\u2019oreille cherche l\u2019image qui l\u2019apaiserait. Et dans ce lieu l\u00e0, que \u00e7a relance alors comme on relance une roue apr\u00e8s qu\u2019elle se soit arr\u00eat\u00e9e dans la g\u00e9om\u00e9trie de son \u00e9quilibre.<br \/>\nJe ne sais pas si au fond je ne verbalise pas ici quelque chose que j\u2019ai toujours confus\u00e9ment cherch\u00e9. J\u2019esp\u00e8re parvenir \u00e0 fabriquer sous peu cette sorte d\u2019image que je pourrais vous envoyer et \u00e0 laquelle j\u2019esp\u00e8re que vous pourrez puiser.<br \/>\nPens\u00e9es amicales,<\/p>\n<p>JL<\/p>\n","protected":false},"excerpt":{"rendered":"<p>Pensant \u00e0 vous, j\u2019en suis venu \u00e0 me questionner un peu plus sur les capacit\u00e9s d\u2019une image. Je voulais une image qui fasse du bien sans bien savoir quoi tout \u00e0 fait. Comme je vous l\u2019ai dit : que ce soit comme ces sorts qu\u2019envoyait Artaud, charg\u00e9s d\u2019intentions magiques. Bien s\u00fbr, il y a quantit\u00e9 [&hellip;]<\/p>\n","protected":false},"author":5,"featured_media":6084,"comment_status":"open","ping_status":"open","sticky":false,"template":"","format":"standard","meta":{"_et_pb_use_builder":"","_et_pb_old_content":"","_et_gb_content_width":"","footnotes":""},"categories":[1],"tags":[],"class_list":["post-6083","post","type-post","status-publish","format-standard","has-post-thumbnail","hentry","category-non-classe"],"_links":{"self":[{"href":"https:\/\/www.lironjeremy.com\/lespasperdus\/wp-json\/wp\/v2\/posts\/6083","targetHints":{"allow":["GET"]}}],"collection":[{"href":"https:\/\/www.lironjeremy.com\/lespasperdus\/wp-json\/wp\/v2\/posts"}],"about":[{"href":"https:\/\/www.lironjeremy.com\/lespasperdus\/wp-json\/wp\/v2\/types\/post"}],"author":[{"embeddable":true,"href":"https:\/\/www.lironjeremy.com\/lespasperdus\/wp-json\/wp\/v2\/users\/5"}],"replies":[{"embeddable":true,"href":"https:\/\/www.lironjeremy.com\/lespasperdus\/wp-json\/wp\/v2\/comments?post=6083"}],"version-history":[{"count":2,"href":"https:\/\/www.lironjeremy.com\/lespasperdus\/wp-json\/wp\/v2\/posts\/6083\/revisions"}],"predecessor-version":[{"id":6086,"href":"https:\/\/www.lironjeremy.com\/lespasperdus\/wp-json\/wp\/v2\/posts\/6083\/revisions\/6086"}],"wp:featuredmedia":[{"embeddable":true,"href":"https:\/\/www.lironjeremy.com\/lespasperdus\/wp-json\/wp\/v2\/media\/6084"}],"wp:attachment":[{"href":"https:\/\/www.lironjeremy.com\/lespasperdus\/wp-json\/wp\/v2\/media?parent=6083"}],"wp:term":[{"taxonomy":"category","embeddable":true,"href":"https:\/\/www.lironjeremy.com\/lespasperdus\/wp-json\/wp\/v2\/categories?post=6083"},{"taxonomy":"post_tag","embeddable":true,"href":"https:\/\/www.lironjeremy.com\/lespasperdus\/wp-json\/wp\/v2\/tags?post=6083"}],"curies":[{"name":"wp","href":"https:\/\/api.w.org\/{rel}","templated":true}]}}