{"id":7279,"date":"2020-10-09T21:58:02","date_gmt":"2020-10-09T20:58:02","guid":{"rendered":"http:\/\/www.lironjeremy.com\/lespasperdus\/?p=7279"},"modified":"2020-10-11T09:15:45","modified_gmt":"2020-10-11T08:15:45","slug":"langueurs","status":"publish","type":"post","link":"https:\/\/www.lironjeremy.com\/lespasperdus\/langueurs\/","title":{"rendered":"langueurs"},"content":{"rendered":"<p><em>\u00ab Il suffit que je r\u00e9fl\u00e9chisse \u00e0 tous les plaisirs que me donnent les tableaux de Bram et Geer van Velde pour que je les sente m&rsquo;\u00e9chapper dans un \u00e9boulement innombrable. \u00bb<\/em><br \/>\nS. Beckett<!--more--><\/p>\n<p>On a un temps reproch\u00e9 \u00e0 Matisse son d\u00e9sir d\u2019un \u00ab art d&rsquo;\u00e9quilibre, de puret\u00e9, de tranquillit\u00e9, sans sujet inqui\u00e9tant ou pr\u00e9occupant \u00bb et dont il disait qu\u2019il devait s\u2019apparenter \u00e0 un bon fauteuil qui d\u00e9lasse le travailleur de ses fatigues physiques. Lui opposant la d\u00e9claration de Picasso pour qui, loin d\u2019\u00eatre l\u00e0 pour d\u00e9corer les appartements, un tableau devait \u00eatre \u00ab un instrument de guerre offensif et d\u00e9fensif contre l\u2019ennemi \u00bb. La sym\u00e9trie structura d\u2019ailleurs une bonne partie de l\u2019esth\u00e9tique et de la critique du XXe si\u00e8cle, soutenue par ce que l\u2019on pourrait appeler avec provocation, l\u2019id\u00e9ologie des avant-gardes.  Polarisation, comme toute alternative, simplificatrice et caricaturale qui manque toutes les complexit\u00e9s, les tiraillements et ambivalences, inqui\u00e9tudes et douceurs qui traversent, habitent, modulent l\u2019\u0153uvre de l\u2019un comme de l\u2019autre, la critique a n\u00e9anmoins le m\u00e9rite d\u2019indiquer deux horizons distincts qui marquent parfois les discours, et notamment ceux des partisans de l\u2019\u00e9quivalent d\u2019une lutte des classes esth\u00e9tique. Entendu que tout art l\u00e9gitime s\u2019accorderait \u00e0 une forme de violence, de bruit, d\u2019agitation expressionniste. Et qu\u2019en sym\u00e9trie, toute \u0153uvre qui en serait d\u00e9pourvue devrait \u00eatre sujette \u00e0 caution, consid\u00e9r\u00e9e comme bourgeoise ou antir\u00e9volutionnaire, ou d\u00e9corative, ce qui est tout un. Aussi grossi\u00e8re soit-elle, l\u2019opposition tranch\u00e9e en a arm\u00e9 plus d\u2019un, opposant les chapelles en guerres rang\u00e9es, trahisons et excommunications. Et quoi qu\u2019on ait globalement abandonn\u00e9 l\u2019id\u00e9e t\u00e9l\u00e9ologique d\u2019un art orient\u00e9 dans le sens d\u2019un progr\u00e8s, cette fa\u00e7on de penser par couples, alternatives binaires hante le jugement et la critique \u00e0 la mani\u00e8re d\u2019un refoul\u00e9 faisant retour. D\u00e9coratif ne peut \u00eatre utilis\u00e9 comme qualificatif objectif, d\u00e9pr\u00e9ci\u00e9 par une aura p\u00e9jorative.<br \/>\nTout un pan de l\u2019art, que ce soit en dehors et m\u00eame \u00e0 l\u2019int\u00e9rieur de l\u2019art occidental, moderne comme ancien, ne r\u00e9pond pas \u00e0 une volont\u00e9 brutale ni \u00e0 une d\u00e9claration de guerre. Son engagement, qui n\u2019en est pas moins profond, se situe ailleurs. Il est parfois moins illustratif du terme que ce que l\u2019on entend d\u2019ordinaire. \u00ab L\u2019aventure artistique, affirme d\u2019ailleurs Michel Th\u00e9voz, n\u2019est pas forc\u00e9ment avant-gardiste. Il peut y avoir une r\u00e9gression fertile en d\u00e9couvertes \u00bb. Ce qu\u2019il observe d\u2019ailleurs chez nombre d\u2019artistes dits \u00ab bruts \u00bb. Et qui m\u2019\u00e9voque le souvenir de mes lectures de Cesare Lombroso, lequel compare en vue de les d\u00e9pr\u00e9cier totalement les tentatives esth\u00e9tiques modernes synesth\u00e9siques, comme le Sonnet des voyelles de Rimbaud, \u00e0 une r\u00e9gression au stade d\u2019un bivalve primaire.  Et quand bien m\u00eame pr\u00f4nerait-il une expression d\u00e9corative (n\u2019appelait-il pas d\u2019abord son Int\u00e9rieur aux aubergine, Grande d\u00e9coration ?), Matisse ne cessera pas de conjuguer \u00e0 cette recherche d\u2019harmonie adoss\u00e9e au r\u00eave baudelairien d\u2019un monde o\u00f9 tout ne serait que \u00ab luxe, calme et volupt\u00e9 \u00bb une libert\u00e9 et une audace cr\u00e9ative proprement hallucinantes auxquelles d\u2019ailleurs Picasso s\u2019aiguillonnera. Et encore, Pierre Bonnard, dont une histoire de la modernit\u00e9 ne saura quoi faire, structurant l\u2019aventure de l\u2019art comme une conqu\u00eate collective, une avanc\u00e9e lin\u00e9aire fournie par des coureurs de relai, le situant mal dans cette chaine qui menait du Cubisme au Surr\u00e9alisme et \u00e0 l\u2019Abstraction ; la qui\u00e9tude domestique qu\u2019il chronique est le th\u00e9\u00e2tre des distorsions spatiales, des phrases color\u00e9es les plus d\u00e9routantes qu\u2019il soit.<br \/>\nCes \u0153uvres, intempestives ou inactuelles en un sens, pour reprendre les consid\u00e9rations de Nietzsche, passent par-dessus les agitations locales du temps court dont elles s\u2019abstraient pour regarder vers les d\u00e9gagements d\u2019une forme de lointain o\u00f9 les contradictions et les oppositions les plus anguleuses se r\u00e9solvent. Comme l\u2019eau apr\u00e8s avoir \u00e9t\u00e9 troubl\u00e9e par un mouvement s\u2019apaise, les couches g\u00e9ologiques s\u00e9dimentent, une lumi\u00e8re tombe \u00e0 travers l\u2019espace, \u00e9galise tout \u00e0 la faveur d\u2019une continuit\u00e9 modul\u00e9e.<br \/>\nC\u2019est un panorama. Une inspiration profonde.<br \/>\nUne fa\u00e7on de n\u00e9gligence et de gr\u00e2ce.<br \/>\nCe sont des heures de pluie douce voilant la vitre d\u2019une cuisine alors que l\u2019on se chauffe les mains \u00e0 un bol de th\u00e9 ou de caf\u00e9 au lait.<br \/>\nCes regards qu\u2019on jette au vague dans les brumes montantes du souvenir.<br \/>\nLes larmes qui vous viennent lors que vous vous entrevoyez au d\u00e9tour d\u2019un geste, comme par un interstice, \u00ab simple, infiniment sur la terre \u00bb (Mallarm\u00e9).<br \/>\nIl est des heures, des objets, des temp\u00e9raments qui r\u00e9clament des cris et des mouvements de foule. Il en est d\u2019autres qui s\u2019expriment dans un temps non anthropologique, \u00e0 la faveur duquel les agitations humaines et animales dans l\u2019ensemble s\u2019estompent. Ici le temps semble alors s\u2019\u00e9panouir, se fondre dans l\u2019espace, ne constituant plus une fl\u00e8che, un vecteur, l\u2019objet d\u2019une course, mais un milieu ambiant.<br \/>\nAu geste et \u00e0 la parole, \u00e0 la saisie du regard se substitue une mani\u00e8re d\u2019\u00e9ponge filtrant son milieu, toute travers\u00e9e et gonfl\u00e9e par lui, abri de poissons et microorganismes, confondant ou retournant l\u2019un sur l\u2019autre int\u00e9rieur et ext\u00e9rieur, soi et non-soi, pleine. <\/p>\n<p>La photographie, \u00e0 l\u2019heure o\u00f9 Ni\u00e8pce commen\u00e7ait dans le plus grand anonymat d\u2019en r\u00e9aliser les principes, se disait alors h\u00e9liographie. Tout le monde d\u00e9sormais connait cette vue prise de la fen\u00eatre du Gras \u00e0 Saint-Loup-de-Varennes en 1826, aboutissement de dix ann\u00e9es de t\u00e2tonnements, et qui ne devait \u00eatre rendue publique qu\u2019apr\u00e8s 52 alors que son auteur n\u2019\u00e9tait plus. La premi\u00e8re photographie du monde ou, \u00e0 tout le moins, la plus ancienne actuellement connue. Sur la plaque d\u2019\u00e9tain enduite de bitume de Jud\u00e9e, en demi-teinte, se laisse deviner un paysage dans la g\u00e9om\u00e9trie des lumi\u00e8res qui marquent les fa\u00e7ades, les toits et des ombres, propres ou port\u00e9es, qui y r\u00e9pondent. Son ind\u00e9termination, ses flous et son objectivit\u00e9 cependant \u00e9voquent ces silhouettes photographiques que laiss\u00e8rent sur les murs, les sols, une \u00e9chelle, une barri\u00e8re, la silhouette d\u2019un homme, les radiations atomiques qui d\u00e9vast\u00e8rent Hiroshima. Ces traces de souffle en lesquelles, sur les coques blind\u00e9es de navires am\u00e9ricains on pouvait voir la trace semblable \u00e0 un pochoir, d\u2019un kamikaze japonais. Ce pourrait \u00eatre un de ces paysage que peint L\u00e9onard dans le dos de la Joconde, de la Madone au fuseau ou de Sainte Anne, en n\u00e9gatif du temps des hommes. <\/p>\n<p><em>Image : Chaire Chesnier<\/em><\/p>\n","protected":false},"excerpt":{"rendered":"<p>\u00ab Il suffit que je r\u00e9fl\u00e9chisse \u00e0 tous les plaisirs que me donnent les tableaux de Bram et Geer van Velde pour que je les sente m&rsquo;\u00e9chapper dans un \u00e9boulement innombrable. \u00bb S. Beckett<\/p>\n","protected":false},"author":5,"featured_media":7280,"comment_status":"open","ping_status":"open","sticky":false,"template":"","format":"standard","meta":{"_et_pb_use_builder":"","_et_pb_old_content":"","_et_gb_content_width":"","footnotes":""},"categories":[1],"tags":[],"class_list":["post-7279","post","type-post","status-publish","format-standard","has-post-thumbnail","hentry","category-non-classe"],"_links":{"self":[{"href":"https:\/\/www.lironjeremy.com\/lespasperdus\/wp-json\/wp\/v2\/posts\/7279","targetHints":{"allow":["GET"]}}],"collection":[{"href":"https:\/\/www.lironjeremy.com\/lespasperdus\/wp-json\/wp\/v2\/posts"}],"about":[{"href":"https:\/\/www.lironjeremy.com\/lespasperdus\/wp-json\/wp\/v2\/types\/post"}],"author":[{"embeddable":true,"href":"https:\/\/www.lironjeremy.com\/lespasperdus\/wp-json\/wp\/v2\/users\/5"}],"replies":[{"embeddable":true,"href":"https:\/\/www.lironjeremy.com\/lespasperdus\/wp-json\/wp\/v2\/comments?post=7279"}],"version-history":[{"count":4,"href":"https:\/\/www.lironjeremy.com\/lespasperdus\/wp-json\/wp\/v2\/posts\/7279\/revisions"}],"predecessor-version":[{"id":7284,"href":"https:\/\/www.lironjeremy.com\/lespasperdus\/wp-json\/wp\/v2\/posts\/7279\/revisions\/7284"}],"wp:featuredmedia":[{"embeddable":true,"href":"https:\/\/www.lironjeremy.com\/lespasperdus\/wp-json\/wp\/v2\/media\/7280"}],"wp:attachment":[{"href":"https:\/\/www.lironjeremy.com\/lespasperdus\/wp-json\/wp\/v2\/media?parent=7279"}],"wp:term":[{"taxonomy":"category","embeddable":true,"href":"https:\/\/www.lironjeremy.com\/lespasperdus\/wp-json\/wp\/v2\/categories?post=7279"},{"taxonomy":"post_tag","embeddable":true,"href":"https:\/\/www.lironjeremy.com\/lespasperdus\/wp-json\/wp\/v2\/tags?post=7279"}],"curies":[{"name":"wp","href":"https:\/\/api.w.org\/{rel}","templated":true}]}}