{"id":8071,"date":"2024-09-04T08:25:23","date_gmt":"2024-09-04T07:25:23","guid":{"rendered":"https:\/\/www.lironjeremy.com\/lespasperdus\/?p=8071"},"modified":"2024-09-04T08:25:23","modified_gmt":"2024-09-04T07:25:23","slug":"la-photo-que-lon-na-pas-prise","status":"publish","type":"post","link":"https:\/\/www.lironjeremy.com\/lespasperdus\/la-photo-que-lon-na-pas-prise\/","title":{"rendered":"La photo que l&rsquo;on n&rsquo;a pas prise"},"content":{"rendered":"<p>C\u2019est en essayant de comprendre la nature de la frustration \u00e9prouv\u00e9e pour avoir manqu\u00e9 une photo dont j\u2019entrevoyais la possibilit\u00e9 que j\u2019ai pu convenir pour moi-m\u00eame qu\u2019il y avait dans l\u2019acte de photographier quelque chose d\u2019un ajustement. La r\u00e9alisation d\u2019une correspondance ressentie ; sa confirmation ou une mani\u00e8re de l\u2019ent\u00e9riner. Une forme d\u2019emboitement et de v\u00e9rification que la photographie vient attester.<br \/>\nJ\u2019avais \u00e9t\u00e9 t\u00e9moin d\u2019un <em>arrangement<\/em> &#8211; comme on dit l\u2019alignement d\u2019une fen\u00eatre de tir. Il n\u2019y avait plus qu\u2019\u00e0 sceller l\u2019instant, l\u2019\u00e9quilibre pr\u00e9caire, passager. Le fixer, non pas bien s\u00fbr dans sa r\u00e9alit\u00e9 mobile, mais dans la mat\u00e9rialisation d\u2019un r\u00e9cit qui venait l\u2019informer. N\u2019ayant pas d\u00e9clench\u00e9 (pas os\u00e9, pas eu le temps de), j\u2019\u00e9tais rest\u00e9 au bord de quelque chose. Le geste n\u2019\u00e9tait pas all\u00e9 au terme de sa phrase. C\u2019\u00e9tait quelque chose comme \u00e7a, de chor\u00e9graphique si l\u2019on veut, avec amorce, intensification et redescente jusqu\u2019au repos. La formulation d\u2019une \u00e9motion qui sourd se forme et s&rsquo;apaise. Forme et contre-forme ne s\u2019\u00e9taient pas rencontr\u00e9es et comme tranquillis\u00e9es dans leur union. Me restait ce d\u00e9sir bless\u00e9, d\u00e9\u00e7u, non r\u00e9alis\u00e9.<br \/>\nL\u2019acte photographique \u00e0 ce que j\u2019en comprenais alors combinait en somme une sorte de jubilation semblable \u00e0 celle que connait le jeune enfant lorsqu\u2019il passe des pi\u00e8ces \u00e0 travers des formes correspondant (le carr\u00e9 dans le carr\u00e9, le ronde dans le rond, le triangle dans le triangle\u2026) et un mouvement  ondulatoire d\u2019expression corporelle qui rencontre malicieusement l\u2019\u00e9rotique de cette m\u00e9canique.  C\u2019est en cela que photographier c\u2019est toujours \u00e0 la fois prendre une photographie et faire une photographie. Marquer un but et r\u00e9aliser un geste. R\u00e9pondre \u00e0 la g\u00e9om\u00e9trie du r\u00e9el en manifestant la reconnaissance de ses jeux et y r\u00e9pondre par la domestication de ses \u00e9lans et d\u00e9sirs, dans cette fa\u00e7on justement de jouer de l\u2019espace de libert\u00e9 qui exc\u00e8de la seule r\u00e9alisation m\u00e9canique. L\u00e0 o\u00f9 la pr\u00e9cision de la r\u00e9ponse, son \u00e0 propos, s\u2019\u00e9toffe d\u2019une expression, d\u2019une conscience esth\u00e9tique des commerces que l\u2019on entretien.  <\/p>\n","protected":false},"excerpt":{"rendered":"<p>C\u2019est en essayant de comprendre la nature de la frustration \u00e9prouv\u00e9e pour avoir manqu\u00e9 une photo dont j\u2019entrevoyais la possibilit\u00e9 que j\u2019ai pu convenir pour moi-m\u00eame qu\u2019il y avait dans l\u2019acte de photographier quelque chose d\u2019un ajustement. La r\u00e9alisation d\u2019une correspondance ressentie ; sa confirmation ou une mani\u00e8re de l\u2019ent\u00e9riner. Une forme d\u2019emboitement et de [&hellip;]<\/p>\n","protected":false},"author":5,"featured_media":8072,"comment_status":"open","ping_status":"open","sticky":false,"template":"","format":"standard","meta":{"_et_pb_use_builder":"","_et_pb_old_content":"","_et_gb_content_width":"","footnotes":""},"categories":[1],"tags":[],"class_list":["post-8071","post","type-post","status-publish","format-standard","has-post-thumbnail","hentry","category-non-classe"],"_links":{"self":[{"href":"https:\/\/www.lironjeremy.com\/lespasperdus\/wp-json\/wp\/v2\/posts\/8071","targetHints":{"allow":["GET"]}}],"collection":[{"href":"https:\/\/www.lironjeremy.com\/lespasperdus\/wp-json\/wp\/v2\/posts"}],"about":[{"href":"https:\/\/www.lironjeremy.com\/lespasperdus\/wp-json\/wp\/v2\/types\/post"}],"author":[{"embeddable":true,"href":"https:\/\/www.lironjeremy.com\/lespasperdus\/wp-json\/wp\/v2\/users\/5"}],"replies":[{"embeddable":true,"href":"https:\/\/www.lironjeremy.com\/lespasperdus\/wp-json\/wp\/v2\/comments?post=8071"}],"version-history":[{"count":1,"href":"https:\/\/www.lironjeremy.com\/lespasperdus\/wp-json\/wp\/v2\/posts\/8071\/revisions"}],"predecessor-version":[{"id":8073,"href":"https:\/\/www.lironjeremy.com\/lespasperdus\/wp-json\/wp\/v2\/posts\/8071\/revisions\/8073"}],"wp:featuredmedia":[{"embeddable":true,"href":"https:\/\/www.lironjeremy.com\/lespasperdus\/wp-json\/wp\/v2\/media\/8072"}],"wp:attachment":[{"href":"https:\/\/www.lironjeremy.com\/lespasperdus\/wp-json\/wp\/v2\/media?parent=8071"}],"wp:term":[{"taxonomy":"category","embeddable":true,"href":"https:\/\/www.lironjeremy.com\/lespasperdus\/wp-json\/wp\/v2\/categories?post=8071"},{"taxonomy":"post_tag","embeddable":true,"href":"https:\/\/www.lironjeremy.com\/lespasperdus\/wp-json\/wp\/v2\/tags?post=8071"}],"curies":[{"name":"wp","href":"https:\/\/api.w.org\/{rel}","templated":true}]}}